{"id":112,"date":"2018-05-24T18:31:35","date_gmt":"2018-05-24T18:31:35","guid":{"rendered":"http:\/\/www.elabogadolaboral.com.ar\/blog\/?p=112"},"modified":"2018-06-01T18:02:54","modified_gmt":"2018-06-01T18:02:54","slug":"la-importancia-del-derecho-empresarial","status":"publish","type":"post","link":"https:\/\/www.elabogadolaboral.com.ar\/blog\/la-importancia-del-derecho-empresarial\/","title":{"rendered":"La importancia del derecho empresarial"},"content":{"rendered":"<p>El derecho empresarial es la rama del derecho que se encarga de regular las actividades dentro y fuera de una empresa, ya sea una pyme o una multinacional. Esta especializaci\u00f3n organiza distintos aspectos que deben tenerse en cuenta a la hora de administrar un negocio. El derecho empresarial regula, por ejemplo, c\u00f3mo debe ser la contrataci\u00f3n de los empleados, c\u00f3mo debe abrirse un negocio y hasta c\u00f3mo debe cerrarse el mismo.<\/p>\n<p>La actividad empresarial tiene la finalidad del beneficio econ\u00f3mico. Para ello debe satisfacer las necesidades de sus clientes, ya sea a trav\u00e9s de productos o servicios. Entonces, la administraci\u00f3n de la empresa debe observar la producci\u00f3n para obtener un ciclo econ\u00f3mico remunerable. Pero para que esta faena sea exitosa es muy importante que la organizaci\u00f3n siga las normas, las cuales est\u00e1n vinculadas con la rama empresarial del derecho, la cual a su vez se vincula con otras ramas del <a href=\"http:\/\/www.elabogadolaboral.com.ar\/derecho-civil.php\">derecho como la civi<\/a>l, comercial, patrimonial, etc.<\/p>\n<p>El derecho empresarial est\u00e1 intr\u00ednsecamente relacionado con el <a href=\"http:\/\/www.elabogadolaboral.com.ar\/derecho-comercial.php\">derecho comercial <\/a>y el derecho mercantil. Estas ramas son muy importantes en la actualidad porque impulsan la actividad econ\u00f3mica ya que ayudan a crear y regular las peque\u00f1as, medianas o grandes empresas.<\/p>\n<p>En Argentina, en cambio, el derecho empresarial no existe como tal, sino que las normas que regulan la actividad de una organizaci\u00f3n se encuentran dentro del nuevo <a href=\"http:\/\/www.saij.gob.ar\/nuevo-codigo-civil-y-comercial-de-la-nacion\" target=\"_blank\" rel=\"noopener\">C\u00f3digo Civil<\/a> y Comercial de la Naci\u00f3n.<\/p>\n","protected":false},"excerpt":{"rendered":"<p>El derecho empresarial es la rama del derecho que se encarga de regular las actividades dentro y fuera de una empresa, ya sea una pyme o una multinacional. Esta especializaci\u00f3n organiza distintos aspectos que deben tenerse en cuenta a la&#8230;<\/p>\n","protected":false},"author":1,"featured_media":113,"comment_status":"open","ping_status":"open","sticky":false,"template":"","format":"standard","meta":{"footnotes":""},"categories":[1],"tags":[],"class_list":["post-112","post","type-post","status-publish","format-standard","has-post-thumbnail","hentry","category-blog"],"aioseo_notices":[],"_links":{"self":[{"href":"https:\/\/www.elabogadolaboral.com.ar\/blog\/wp-json\/wp\/v2\/posts\/112","targetHints":{"allow":["GET"]}}],"collection":[{"href":"https:\/\/www.elabogadolaboral.com.ar\/blog\/wp-json\/wp\/v2\/posts"}],"about":[{"href":"https:\/\/www.elabogadolaboral.com.ar\/blog\/wp-json\/wp\/v2\/types\/post"}],"author":[{"embeddable":true,"href":"https:\/\/www.elabogadolaboral.com.ar\/blog\/wp-json\/wp\/v2\/users\/1"}],"replies":[{"embeddable":true,"href":"https:\/\/www.elabogadolaboral.com.ar\/blog\/wp-json\/wp\/v2\/comments?post=112"}],"version-history":[{"count":1,"href":"https:\/\/www.elabogadolaboral.com.ar\/blog\/wp-json\/wp\/v2\/posts\/112\/revisions"}],"predecessor-version":[{"id":114,"href":"https:\/\/www.elabogadolaboral.com.ar\/blog\/wp-json\/wp\/v2\/posts\/112\/revisions\/114"}],"wp:featuredmedia":[{"embeddable":true,"href":"https:\/\/www.elabogadolaboral.com.ar\/blog\/wp-json\/wp\/v2\/media\/113"}],"wp:attachment":[{"href":"https:\/\/www.elabogadolaboral.com.ar\/blog\/wp-json\/wp\/v2\/media?parent=112"}],"wp:term":[{"taxonomy":"category","embeddable":true,"href":"https:\/\/www.elabogadolaboral.com.ar\/blog\/wp-json\/wp\/v2\/categories?post=112"},{"taxonomy":"post_tag","embeddable":true,"href":"https:\/\/www.elabogadolaboral.com.ar\/blog\/wp-json\/wp\/v2\/tags?post=112"}],"curies":[{"name":"wp","href":"https:\/\/api.w.org\/{rel}","templated":true}]}}