{"id":139,"date":"2018-07-23T15:48:38","date_gmt":"2018-07-23T15:48:38","guid":{"rendered":"http:\/\/www.elabogadolaboral.com.ar\/blog\/?p=139"},"modified":"2018-07-23T15:48:38","modified_gmt":"2018-07-23T15:48:38","slug":"por-que-la-justicia-declaro-ilegales-los-despidos-en-telam","status":"publish","type":"post","link":"https:\/\/www.elabogadolaboral.com.ar\/blog\/por-que-la-justicia-declaro-ilegales-los-despidos-en-telam\/","title":{"rendered":"Por qu\u00e9 la justicia declar\u00f3 ilegales los despidos en T\u00e9lam"},"content":{"rendered":"<p>Hace apenas una semana la justicia fall\u00f3 a favor de los trabajadores de T\u00e9lam, la agencia p\u00fablica de noticias de la Argentina, y le orden\u00f3 la reincorporaci\u00f3n de cinco trabajadores que hab\u00edan presentado una cautelar. Los despidos fueron declarados como ilegales porque antes de comenzar a despedir masivamente como lo hizo T\u00e9lam se debe realizar un procedimiento preventivo de crisis que en este caso no se llev\u00f3 a cabo.<\/p>\n<p>Hasta este momento la cantidad de personas despedidas de la agencia suman un total de 357, casi el 40% de la planta de la empresa. Gracias a la resoluci\u00f3n judicial que present\u00f3 el <a href=\"http:\/\/www.guiasenior.com\/directorio\/empresas\/37151\/juzgado-nacional-de-1ra-instancia-del-trabajo-n-22.htm\" target=\"_blank\" rel=\"noopener\">Juzgado del trabajo N\u00ba 22 de la Ciudad de Buenos Aires,<\/a> se puede crear un precedente y es posible que esas mismas medidas del fallo se apliquen tambi\u00e9n al resto de los trabajadores despedidos.<\/p>\n<p>Ricardo Jorge Tatarsky, el juez laboral subrogante, declar\u00f3 que \u201cel art\u00edculo 14 bis de la Carta Magna consagra la protecci\u00f3n de los trabajadores contra el despido arbitrario y, por otra parte, el derecho a trabajar es tutelado tambi\u00e9n por el Pacto Internacional de Derechos Econ\u00f3micos, Sociales y Culturales, por la Declaraci\u00f3n Universal de Derechos Humanos y por la Convenci\u00f3n Americana de los Derechos y Deberes del Hombre\u201d.<\/p>\n<p>Sin embargo, en caso de que T\u00e9lam lleve a cabo correctamente el procedimiento que detalla la ley en casos de despidos masivos, podr\u00eda significar en el corto plazo la corroboraci\u00f3n de los despidos. Para que este escenario se haga realidad se deber\u00e1n proteger los derechos de los trabajadores como tambi\u00e9n la posibilidad de estos a reinsertarse en el mercado laboral. Este procedimiento especial est\u00e1 contemplado en una ley sancionada en 1991.<\/p>\n<p>Por otro lado, el abogado del sindicato, Guillermo Gianibelli, declar\u00f3 que los fundamentos de la medida cautelar presentada por los cinco trabajadores restituidos alcanzan a los 357 despedidos. Entonces, bajo ese concepto este lunes pidieron a la justicia que se extienda la decisi\u00f3n al resto de las personas cesanteadas.<\/p>\n<p>&nbsp;<\/p>\n<p>&nbsp;<\/p>\n","protected":false},"excerpt":{"rendered":"<p>Hace apenas una semana la justicia fall\u00f3 a favor de los trabajadores de T\u00e9lam, la agencia p\u00fablica de noticias de la Argentina, y le orden\u00f3 la reincorporaci\u00f3n de cinco trabajadores que hab\u00edan presentado una cautelar. Los despidos fueron declarados como&#8230;<\/p>\n","protected":false},"author":1,"featured_media":140,"comment_status":"open","ping_status":"open","sticky":false,"template":"","format":"standard","meta":{"footnotes":""},"categories":[1],"tags":[],"class_list":["post-139","post","type-post","status-publish","format-standard","has-post-thumbnail","hentry","category-blog"],"aioseo_notices":[],"_links":{"self":[{"href":"https:\/\/www.elabogadolaboral.com.ar\/blog\/wp-json\/wp\/v2\/posts\/139","targetHints":{"allow":["GET"]}}],"collection":[{"href":"https:\/\/www.elabogadolaboral.com.ar\/blog\/wp-json\/wp\/v2\/posts"}],"about":[{"href":"https:\/\/www.elabogadolaboral.com.ar\/blog\/wp-json\/wp\/v2\/types\/post"}],"author":[{"embeddable":true,"href":"https:\/\/www.elabogadolaboral.com.ar\/blog\/wp-json\/wp\/v2\/users\/1"}],"replies":[{"embeddable":true,"href":"https:\/\/www.elabogadolaboral.com.ar\/blog\/wp-json\/wp\/v2\/comments?post=139"}],"version-history":[{"count":1,"href":"https:\/\/www.elabogadolaboral.com.ar\/blog\/wp-json\/wp\/v2\/posts\/139\/revisions"}],"predecessor-version":[{"id":141,"href":"https:\/\/www.elabogadolaboral.com.ar\/blog\/wp-json\/wp\/v2\/posts\/139\/revisions\/141"}],"wp:featuredmedia":[{"embeddable":true,"href":"https:\/\/www.elabogadolaboral.com.ar\/blog\/wp-json\/wp\/v2\/media\/140"}],"wp:attachment":[{"href":"https:\/\/www.elabogadolaboral.com.ar\/blog\/wp-json\/wp\/v2\/media?parent=139"}],"wp:term":[{"taxonomy":"category","embeddable":true,"href":"https:\/\/www.elabogadolaboral.com.ar\/blog\/wp-json\/wp\/v2\/categories?post=139"},{"taxonomy":"post_tag","embeddable":true,"href":"https:\/\/www.elabogadolaboral.com.ar\/blog\/wp-json\/wp\/v2\/tags?post=139"}],"curies":[{"name":"wp","href":"https:\/\/api.w.org\/{rel}","templated":true}]}}