{"id":216,"date":"2025-08-25T14:31:44","date_gmt":"2025-08-25T14:31:44","guid":{"rendered":"https:\/\/www.elabogadolaboral.com.ar\/blog\/?p=216"},"modified":"2025-08-25T14:31:46","modified_gmt":"2025-08-25T14:31:46","slug":"reclamos-ante-art-protege-tus-derechos-laborales","status":"publish","type":"post","link":"https:\/\/www.elabogadolaboral.com.ar\/blog\/reclamos-ante-art-protege-tus-derechos-laborales\/","title":{"rendered":"Reclamos ante ART: Proteg\u00e9 tus derechos laborales"},"content":{"rendered":"\n<p>Si sufriste un accidente de trabajo o una enfermedad laboral, la ART tiene la obligaci\u00f3n de cubrir tu atenci\u00f3n m\u00e9dica, indemnizarte y brindarte rehabilitaci\u00f3n. En<a href=\"https:\/\/elabogadolaboral.com.ar\/\"> <em>Estudio Jur\u00eddico Velozo &amp; Asociados<\/em><\/a> contamos con un equipo especializado en <strong>reclamos ante ART<\/strong> que se encarga de que recibas lo que por ley te corresponde.<\/p>\n\n\n\n<p><strong>\u00bfQu\u00e9 es un reclamo ante ART?<\/strong><strong><br><\/strong>Se trata de una acci\u00f3n administrativa para exigir que la Aseguradora de Riesgos del Trabajo cumpla con sus obligaciones.&nbsp;<\/p>\n\n\n\n<p>En nuestro estudio jur\u00eddico te ofrecemos <a href=\"https:\/\/elabogadolaboral.com.ar\/abogado-laboral-art.html\">asesor\u00eda en reclamos ante ART<\/a>, nos encargamos de:<\/p>\n\n\n\n<ul class=\"wp-block-list\">\n<li>Reclamar indemnizaciones justas.<\/li>\n\n\n\n<li>Asistir en la Junta M\u00e9dica.<\/li>\n\n\n\n<li>Garantizar el acceso a tratamientos y prestaciones.<\/li>\n<\/ul>\n\n\n\n<p><strong>Casos m\u00e1s comunes de reclamos ante ART<\/strong><\/p>\n\n\n\n<ul class=\"wp-block-list\">\n<li>Negativa a reconocer un accidente laboral o enfermedad profesional.<br><\/li>\n\n\n\n<li>Alta m\u00e9dica prematura sin estar recuperado.<br><\/li>\n\n\n\n<li>Pago parcial o nulo de la indemnizaci\u00f3n.<br><\/li>\n<\/ul>\n\n\n\n<p><strong>Preguntas frecuentes sobre Reclamos ante ART<\/strong><\/p>\n\n\n\n<p><strong>\u00bfPuedo apelar la decisi\u00f3n de la ART?<\/strong><strong><br><\/strong>S\u00ed. La ley prev\u00e9 instancias administrativas y judiciales para reclamar.<\/p>\n\n\n\n<p><strong>\u00bfQu\u00e9 pasa si la ART no me atiende?<\/strong><strong><br><\/strong> Podemos iniciar una acci\u00f3n urgente para garantizar tu atenci\u00f3n m\u00e9dica.<\/p>\n\n\n\n<p><strong>\u00bfCu\u00e1nto tiempo tengo para reclamar?<\/strong><strong><br><\/strong>Generalmente, el plazo es de 2 a\u00f1os desde el accidente o la \u00faltima prestaci\u00f3n recibida.<\/p>\n\n\n\n<p><strong>Servicios relacionados:<\/strong><\/p>\n\n\n\n<ul class=\"wp-block-list\">\n<li>Representaci\u00f3n ante las Comisiones M\u00e9dicas y la\u00a0 Superintendencia de Riesgos del Trabajo.<br><\/li>\n\n\n\n<li>C\u00e1lculo y gesti\u00f3n de indemnizaciones.<br><\/li>\n\n\n\n<li>Asesoramiento en accidentes laborales y enfermedades profesionales.<\/li>\n<\/ul>\n\n\n\n<p><\/p>\n","protected":false},"excerpt":{"rendered":"<p>Si sufriste un accidente de trabajo o una enfermedad laboral, la ART tiene la obligaci\u00f3n de cubrir tu atenci\u00f3n m\u00e9dica, indemnizarte y brindarte rehabilitaci\u00f3n. En Estudio Jur\u00eddico Velozo &amp; Asociados contamos con un equipo especializado en reclamos ante ART que&#8230;<\/p>\n","protected":false},"author":1,"featured_media":217,"comment_status":"open","ping_status":"open","sticky":false,"template":"","format":"standard","meta":{"footnotes":""},"categories":[1],"tags":[],"class_list":["post-216","post","type-post","status-publish","format-standard","has-post-thumbnail","hentry","category-blog"],"aioseo_notices":[],"_links":{"self":[{"href":"https:\/\/www.elabogadolaboral.com.ar\/blog\/wp-json\/wp\/v2\/posts\/216","targetHints":{"allow":["GET"]}}],"collection":[{"href":"https:\/\/www.elabogadolaboral.com.ar\/blog\/wp-json\/wp\/v2\/posts"}],"about":[{"href":"https:\/\/www.elabogadolaboral.com.ar\/blog\/wp-json\/wp\/v2\/types\/post"}],"author":[{"embeddable":true,"href":"https:\/\/www.elabogadolaboral.com.ar\/blog\/wp-json\/wp\/v2\/users\/1"}],"replies":[{"embeddable":true,"href":"https:\/\/www.elabogadolaboral.com.ar\/blog\/wp-json\/wp\/v2\/comments?post=216"}],"version-history":[{"count":2,"href":"https:\/\/www.elabogadolaboral.com.ar\/blog\/wp-json\/wp\/v2\/posts\/216\/revisions"}],"predecessor-version":[{"id":226,"href":"https:\/\/www.elabogadolaboral.com.ar\/blog\/wp-json\/wp\/v2\/posts\/216\/revisions\/226"}],"wp:featuredmedia":[{"embeddable":true,"href":"https:\/\/www.elabogadolaboral.com.ar\/blog\/wp-json\/wp\/v2\/media\/217"}],"wp:attachment":[{"href":"https:\/\/www.elabogadolaboral.com.ar\/blog\/wp-json\/wp\/v2\/media?parent=216"}],"wp:term":[{"taxonomy":"category","embeddable":true,"href":"https:\/\/www.elabogadolaboral.com.ar\/blog\/wp-json\/wp\/v2\/categories?post=216"},{"taxonomy":"post_tag","embeddable":true,"href":"https:\/\/www.elabogadolaboral.com.ar\/blog\/wp-json\/wp\/v2\/tags?post=216"}],"curies":[{"name":"wp","href":"https:\/\/api.w.org\/{rel}","templated":true}]}}