{"id":219,"date":"2025-08-26T14:26:15","date_gmt":"2025-08-26T14:26:15","guid":{"rendered":"https:\/\/www.elabogadolaboral.com.ar\/blog\/?p=219"},"modified":"2025-08-26T14:26:17","modified_gmt":"2025-08-26T14:26:17","slug":"despido-laboral","status":"publish","type":"post","link":"https:\/\/www.elabogadolaboral.com.ar\/blog\/despido-laboral\/","title":{"rendered":"Despido Laboral"},"content":{"rendered":"\n<p>C\u00f3mo reclamar tus derechos y obtener una indemnizaci\u00f3n justa<\/p>\n\n\n\n<p>Un <strong>despido laboral<\/strong> puede generar incertidumbre econ\u00f3mica y emocional. En<a href=\"https:\/\/elabogadolaboral.com.ar\/\"> <em>Estudio Jur\u00eddico Velozo &amp; Asociados<\/em><\/a> sabemos lo importante que es actuar r\u00e1pido y con asesoramiento especializado para proteger tus derechos. Si fuiste despedido, la ley te otorga la posibilidad de reclamar una <strong>indemnizaci\u00f3n<\/strong> y otros beneficios seg\u00fan el tipo de despido y tu antig\u00fcedad.<\/p>\n\n\n\n<p><strong>Tipos de despido laboral en Argentina<\/strong><\/p>\n\n\n\n<p>En nuestro estudio jur\u00eddico te ofrecemos<a href=\"https:\/\/elabogadolaboral.com.ar\/abogado-laboral-despido-laboral.html\"> asesor\u00eda legal especializada en despidos laborales <\/a>, asesoramos y representamos a trabajadores en:<\/p>\n\n\n\n<ul class=\"wp-block-list\">\n<li><strong>Despido sin causa<\/strong>: cuando el empleador finaliza la relaci\u00f3n sin justificar.<\/li>\n\n\n\n<li><strong>Despido con causa<\/strong>: cuando se alega una falta grave.<\/li>\n\n\n\n<li><strong>Despido indirecto<\/strong>: el trabajador se considera despedido por incumplimiento del empleador.<br><\/li>\n<\/ul>\n\n\n\n<p>Cada caso tiene particularidades legales y distintos montos de indemnizaci\u00f3n, por lo que es fundamental contar con asesor\u00eda profesional.<\/p>\n\n\n\n<p><strong>Pasos para reclamar ante un despido injustificado<\/strong><\/p>\n\n\n\n<ul class=\"wp-block-list\">\n<li>Reunir toda la documentaci\u00f3n laboral (recibos de sueldo, telegramas, mails, etc.).<br><\/li>\n\n\n\n<li>Enviar un telegrama laboral intimando el pago de indemnizaci\u00f3n.<br><\/li>\n\n\n\n<li>Iniciar el reclamo judicial si no hay acuerdo.<br><\/li>\n<\/ul>\n\n\n\n<p>En<a href=\"https:\/\/elabogadolaboral.com.ar\/index.html\"> <em>Estudio Jur\u00eddico Velozo &amp; Asociados<\/em><\/a> acompa\u00f1amos todo el proceso para que recibas el monto que te corresponde, incluyendo vacaciones proporcionales, aguinaldo y multas por falta de registraci\u00f3n si corresponde.<\/p>\n\n\n\n<p><strong>Preguntas frecuentes sobre Despido Laboral<\/strong><\/p>\n\n\n\n<p><strong>\u00bfQu\u00e9 plazo tengo para reclamar un despido injustificado?<\/strong><strong><br><\/strong> El plazo general es de 2 a\u00f1os desde la fecha del despido.<\/p>\n\n\n\n<p><strong>\u00bfPuedo cobrar m\u00e1s si no estaba registrado?<\/strong><strong><br><\/strong> S\u00ed. En casos de trabajo no registrado o mal registrado, la ley prev\u00e9 multas e indemnizaciones adicionales.<\/p>\n\n\n\n<p><strong>\u00bfQu\u00e9 pasa si no me pagan la liquidaci\u00f3n final?<\/strong><strong><br><\/strong> Se puede iniciar un reclamo judicial con intereses y actualizaci\u00f3n de montos.<\/p>\n\n\n\n<p><strong>Servicios relacionados:<\/strong><\/p>\n\n\n\n<ul class=\"wp-block-list\">\n<li>C\u00e1lculo y gesti\u00f3n de indemnizaciones laborales.<\/li>\n\n\n\n<li>Asesoramiento en despidos indirectos.<\/li>\n\n\n\n<li>Reclamos por falta de registraci\u00f3n laboral.<\/li>\n<\/ul>\n\n\n\n<p><\/p>\n","protected":false},"excerpt":{"rendered":"<p>C\u00f3mo reclamar tus derechos y obtener una indemnizaci\u00f3n justa Un despido laboral puede generar incertidumbre econ\u00f3mica y emocional. En Estudio Jur\u00eddico Velozo &amp; Asociados sabemos lo importante que es actuar r\u00e1pido y con asesoramiento especializado para proteger tus derechos. Si&#8230;<\/p>\n","protected":false},"author":1,"featured_media":220,"comment_status":"open","ping_status":"open","sticky":false,"template":"","format":"standard","meta":{"footnotes":""},"categories":[1],"tags":[],"class_list":["post-219","post","type-post","status-publish","format-standard","has-post-thumbnail","hentry","category-blog"],"aioseo_notices":[],"_links":{"self":[{"href":"https:\/\/www.elabogadolaboral.com.ar\/blog\/wp-json\/wp\/v2\/posts\/219","targetHints":{"allow":["GET"]}}],"collection":[{"href":"https:\/\/www.elabogadolaboral.com.ar\/blog\/wp-json\/wp\/v2\/posts"}],"about":[{"href":"https:\/\/www.elabogadolaboral.com.ar\/blog\/wp-json\/wp\/v2\/types\/post"}],"author":[{"embeddable":true,"href":"https:\/\/www.elabogadolaboral.com.ar\/blog\/wp-json\/wp\/v2\/users\/1"}],"replies":[{"embeddable":true,"href":"https:\/\/www.elabogadolaboral.com.ar\/blog\/wp-json\/wp\/v2\/comments?post=219"}],"version-history":[{"count":1,"href":"https:\/\/www.elabogadolaboral.com.ar\/blog\/wp-json\/wp\/v2\/posts\/219\/revisions"}],"predecessor-version":[{"id":221,"href":"https:\/\/www.elabogadolaboral.com.ar\/blog\/wp-json\/wp\/v2\/posts\/219\/revisions\/221"}],"wp:featuredmedia":[{"embeddable":true,"href":"https:\/\/www.elabogadolaboral.com.ar\/blog\/wp-json\/wp\/v2\/media\/220"}],"wp:attachment":[{"href":"https:\/\/www.elabogadolaboral.com.ar\/blog\/wp-json\/wp\/v2\/media?parent=219"}],"wp:term":[{"taxonomy":"category","embeddable":true,"href":"https:\/\/www.elabogadolaboral.com.ar\/blog\/wp-json\/wp\/v2\/categories?post=219"},{"taxonomy":"post_tag","embeddable":true,"href":"https:\/\/www.elabogadolaboral.com.ar\/blog\/wp-json\/wp\/v2\/tags?post=219"}],"curies":[{"name":"wp","href":"https:\/\/api.w.org\/{rel}","templated":true}]}}