{"id":222,"date":"2025-08-26T14:35:21","date_gmt":"2025-08-26T14:35:21","guid":{"rendered":"https:\/\/www.elabogadolaboral.com.ar\/blog\/?p=222"},"modified":"2025-08-26T14:35:23","modified_gmt":"2025-08-26T14:35:23","slug":"trabajo-en-negro","status":"publish","type":"post","link":"https:\/\/www.elabogadolaboral.com.ar\/blog\/trabajo-en-negro\/","title":{"rendered":"Trabajo en Negro"},"content":{"rendered":"\n<p><strong>C\u00f3mo reclamar tus derechos y regularizar tu situaci\u00f3n laboral<\/strong><\/p>\n\n\n\n<p><strong><br><\/strong>El <strong>trabajo en negro<\/strong> sigue siendo una realidad que afecta a miles de trabajadores en Argentina. No contar con una correcta registraci\u00f3n laboral significa perder acceso a aportes jubilatorios, obra social y cobertura de ART. En<a href=\"https:\/\/elabogadolaboral.com.ar\/\"> <em>Estudio Jur\u00eddico Velozo &amp; Asociados<\/em><\/a> nos especializamos en asesorar y representar a trabajadores en situaci\u00f3n de <strong>empleo no registrado<\/strong>, para que puedan reclamar todos sus derechos.<\/p>\n\n\n\n<p><strong>Qu\u00e9 implica el trabajo en negro:<\/strong><\/p>\n\n\n\n<p>Se considera <strong>trabajo en negro<\/strong> cuando el empleador no registra la relaci\u00f3n laboral, omite aportes o paga parte del sueldo sin declarar.&nbsp;<\/p>\n\n\n\n<p>En nuestro estudio jur\u00eddico te ofrecemos <a href=\"https:\/\/elabogadolaboral.com.ar\/abogado-laboral-trabajo-en-negro.html\">asesor\u00eda legal<\/a> en:<\/p>\n\n\n\n<ul class=\"wp-block-list\">\n<li>Intimaciones para regularizar la registraci\u00f3n.<\/li>\n\n\n\n<li>Reclamos de aportes y contribuciones adeudadas.<\/li>\n\n\n\n<li>Gesti\u00f3n de indemnizaciones y multas por ley.<br><\/li>\n<\/ul>\n\n\n\n<p><strong>Beneficios de reclamar tu registraci\u00f3n laboral<\/strong><\/p>\n\n\n\n<p>Reclamar formalmente no solo permite acceder a todos los beneficios laborales, sino que tambi\u00e9n puede aumentar considerablemente tu indemnizaci\u00f3n en caso de despido. Adem\u00e1s, la ley establece sanciones para el empleador que incumple, lo que puede jugar a favor del trabajador en una negociaci\u00f3n.<\/p>\n\n\n\n<p><strong>Preguntas frecuentes sobre Trabajo en Negro<\/strong><\/p>\n\n\n\n<p><strong>\u00bfPuedo reclamar aunque me registren despu\u00e9s?<\/strong><strong><br><\/strong> S\u00ed. Se puede reclamar la registraci\u00f3n retroactiva y las diferencias salariales correspondientes.<\/p>\n\n\n\n<p><strong>\u00bfQu\u00e9 pasa si me despiden estando en negro?<\/strong><strong><br><\/strong> Pod\u00e9s reclamar la indemnizaci\u00f3n por despido m\u00e1s multas adicionales por falta de registraci\u00f3n.<\/p>\n\n\n\n<p><strong>\u00bfNecesito pruebas para iniciar el reclamo?<\/strong><strong><br><\/strong> S\u00ed, pueden ser testigos, mensajes recibidos o cualquier evidencia que acredite la relaci\u00f3n laboral.<\/p>\n\n\n\n<p><strong>Servicios relacionados:<\/strong><\/p>\n\n\n\n<ul class=\"wp-block-list\">\n<li>Regularizaci\u00f3n laboral y registraci\u00f3n retroactiva.<\/li>\n\n\n\n<li>Reclamos de aportes y diferencias salariales.<\/li>\n\n\n\n<li>Indemnizaciones por despido no registrado.<\/li>\n<\/ul>\n\n\n\n<p><\/p>\n","protected":false},"excerpt":{"rendered":"<p>C\u00f3mo reclamar tus derechos y regularizar tu situaci\u00f3n laboral El trabajo en negro sigue siendo una realidad que afecta a miles de trabajadores en Argentina. No contar con una correcta registraci\u00f3n laboral significa perder acceso a aportes jubilatorios, obra social&#8230;<\/p>\n","protected":false},"author":1,"featured_media":223,"comment_status":"open","ping_status":"open","sticky":false,"template":"","format":"standard","meta":{"footnotes":""},"categories":[1],"tags":[],"class_list":["post-222","post","type-post","status-publish","format-standard","has-post-thumbnail","hentry","category-blog"],"aioseo_notices":[],"_links":{"self":[{"href":"https:\/\/www.elabogadolaboral.com.ar\/blog\/wp-json\/wp\/v2\/posts\/222","targetHints":{"allow":["GET"]}}],"collection":[{"href":"https:\/\/www.elabogadolaboral.com.ar\/blog\/wp-json\/wp\/v2\/posts"}],"about":[{"href":"https:\/\/www.elabogadolaboral.com.ar\/blog\/wp-json\/wp\/v2\/types\/post"}],"author":[{"embeddable":true,"href":"https:\/\/www.elabogadolaboral.com.ar\/blog\/wp-json\/wp\/v2\/users\/1"}],"replies":[{"embeddable":true,"href":"https:\/\/www.elabogadolaboral.com.ar\/blog\/wp-json\/wp\/v2\/comments?post=222"}],"version-history":[{"count":1,"href":"https:\/\/www.elabogadolaboral.com.ar\/blog\/wp-json\/wp\/v2\/posts\/222\/revisions"}],"predecessor-version":[{"id":224,"href":"https:\/\/www.elabogadolaboral.com.ar\/blog\/wp-json\/wp\/v2\/posts\/222\/revisions\/224"}],"wp:featuredmedia":[{"embeddable":true,"href":"https:\/\/www.elabogadolaboral.com.ar\/blog\/wp-json\/wp\/v2\/media\/223"}],"wp:attachment":[{"href":"https:\/\/www.elabogadolaboral.com.ar\/blog\/wp-json\/wp\/v2\/media?parent=222"}],"wp:term":[{"taxonomy":"category","embeddable":true,"href":"https:\/\/www.elabogadolaboral.com.ar\/blog\/wp-json\/wp\/v2\/categories?post=222"},{"taxonomy":"post_tag","embeddable":true,"href":"https:\/\/www.elabogadolaboral.com.ar\/blog\/wp-json\/wp\/v2\/tags?post=222"}],"curies":[{"name":"wp","href":"https:\/\/api.w.org\/{rel}","templated":true}]}}