{"id":231,"date":"2025-09-10T16:47:32","date_gmt":"2025-09-10T16:47:32","guid":{"rendered":"https:\/\/www.elabogadolaboral.com.ar\/blog\/?p=231"},"modified":"2025-09-10T16:47:34","modified_gmt":"2025-09-10T16:47:34","slug":"derecho-laboral-todo-lo-que-debes-saber-sobre-tus-derechos-como-trabajador","status":"publish","type":"post","link":"https:\/\/www.elabogadolaboral.com.ar\/blog\/derecho-laboral-todo-lo-que-debes-saber-sobre-tus-derechos-como-trabajador\/","title":{"rendered":"Derecho Laboral: Todo lo que deb\u00e9s saber sobre tus derechos como trabajador"},"content":{"rendered":"\n<p><strong>En<\/strong><a href=\"https:\/\/elabogadolaboral.com.ar\/\"><strong> <em>Estudio Jur\u00eddico Velozo &amp; Asociados<\/em><\/strong><\/a><strong> somos especialistas en derecho laboral y acompa\u00f1amos a los trabajadores en la defensa de sus derechos frente a situaciones de conflicto con sus empleadores. El derecho laboral es una rama del derecho que regula las relaciones entre empleadores y empleados, garantizando condiciones justas de trabajo, indemnizaciones y beneficios.<\/strong><\/p>\n\n\n\n<h2 class=\"wp-block-heading\"><strong>\u00bfQu\u00e9 regula el Derecho Laboral?<\/strong><\/h2>\n\n\n\n<p><strong>El derecho laboral protege a los trabajadores en m\u00faltiples aspectos, entre ellos:<\/strong><\/p>\n\n\n\n<ul class=\"wp-block-list\">\n<li><strong>Condiciones de trabajo seguras y dignas.<\/strong><strong><br><\/strong><\/li>\n\n\n\n<li><strong>Pago de salarios en tiempo y forma.<\/strong><strong><br><\/strong><\/li>\n\n\n\n<li><strong>Registro laboral y aportes previsionales.<\/strong><strong><br><\/strong><\/li>\n\n\n\n<li><strong>Indemnizaci\u00f3n en caso de despido injustificado.<\/strong><strong><br><\/strong><\/li>\n<\/ul>\n\n\n\n<p><strong>En <\/strong><a href=\"https:\/\/elabogadolaboral.com.ar\/\"><strong><em>Estudio Jur\u00eddico Velozo &amp; Asociados<\/em><\/strong><strong> <\/strong><\/a><strong>&nbsp;brindamos asesoramiento especializado en cada una de estas \u00e1reas, buscando que cada trabajador acceda a la protecci\u00f3n legal que le corresponde.<\/strong><\/p>\n\n\n\n<hr class=\"wp-block-separator has-alpha-channel-opacity\"\/>\n\n\n\n<h2 class=\"wp-block-heading\"><strong>Situaciones frecuentes en Derecho Laboral<\/strong><\/h2>\n\n\n\n<p><strong>Algunas de las consultas m\u00e1s comunes que recibimos en nuestro estudio son:<\/strong><\/p>\n\n\n\n<ul class=\"wp-block-list\">\n<li><strong>Despido laboral y reclamo de indemnizaci\u00f3n.<\/strong><strong><br><\/strong><\/li>\n\n\n\n<li><strong>Trabajo en negro o mal registrado.<\/strong><strong><br><\/strong><\/li>\n\n\n\n<li><strong>Accidentes laborales y reclamos ante ART.<\/strong><strong><br><\/strong><\/li>\n<\/ul>\n\n\n\n<p><strong>Cada caso se analiza en detalle para definir la mejor estrategia legal, siempre en defensa del trabajador.<\/strong><\/p>\n\n\n\n<hr class=\"wp-block-separator has-alpha-channel-opacity\"\/>\n\n\n\n<h2 class=\"wp-block-heading\"><strong>Preguntas frecuentes sobre Derecho Laboral<\/strong><\/h2>\n\n\n\n<p><strong>\u00bfQu\u00e9 hacer si me despiden sin causa?<\/strong><strong><br><\/strong> Ten\u00e9s derecho a reclamar una indemnizaci\u00f3n que incluya antig\u00fcedad, vacaciones proporcionales, aguinaldo y multas si corresponde.<\/p>\n\n\n\n<p><strong>\u00bfPuedo reclamar si estoy trabajando en negro?<\/strong><strong><br><\/strong> S\u00ed. El derecho laboral contempla sanciones para el empleador y mayores indemnizaciones para el trabajador no registrado.<\/p>\n\n\n\n<p><strong>\u00bfLa ART siempre debe cubrir un accidente laboral?<\/strong><strong><br><\/strong> S\u00ed, toda Aseguradora de Riesgos del Trabajo est\u00e1 obligada a brindar atenci\u00f3n m\u00e9dica, rehabilitaci\u00f3n y una indemnizaci\u00f3n si corresponde.<\/p>\n\n\n\n<hr class=\"wp-block-separator has-alpha-channel-opacity\"\/>\n\n\n\n<h2 class=\"wp-block-heading\"><strong>Servicios relacionados con Derecho Laboral<\/strong><\/h2>\n\n\n\n<ul class=\"wp-block-list\">\n<li><strong>Reclamos por despido laboral.<\/strong><strong><br><\/strong><\/li>\n\n\n\n<li><strong>Asesoramiento en trabajo en negro.<\/strong><strong><br><\/strong><\/li>\n\n\n\n<li class=\"has-medium-font-size\"><strong>Reclamos ante ART por accidentes o enfermedades laborales.<\/strong><\/li>\n<\/ul>\n\n\n\n<p class=\"has-medium-font-size\"><\/p>\n","protected":false},"excerpt":{"rendered":"<p>En Estudio Jur\u00eddico Velozo &amp; Asociados somos especialistas en derecho laboral y acompa\u00f1amos a los trabajadores en la defensa de sus derechos frente a situaciones de conflicto con sus empleadores. El derecho laboral es una rama del derecho que regula&#8230;<\/p>\n","protected":false},"author":1,"featured_media":232,"comment_status":"open","ping_status":"open","sticky":false,"template":"","format":"standard","meta":{"footnotes":""},"categories":[3],"tags":[],"class_list":["post-231","post","type-post","status-publish","format-standard","has-post-thumbnail","hentry","category-laboral"],"aioseo_notices":[],"_links":{"self":[{"href":"https:\/\/www.elabogadolaboral.com.ar\/blog\/wp-json\/wp\/v2\/posts\/231","targetHints":{"allow":["GET"]}}],"collection":[{"href":"https:\/\/www.elabogadolaboral.com.ar\/blog\/wp-json\/wp\/v2\/posts"}],"about":[{"href":"https:\/\/www.elabogadolaboral.com.ar\/blog\/wp-json\/wp\/v2\/types\/post"}],"author":[{"embeddable":true,"href":"https:\/\/www.elabogadolaboral.com.ar\/blog\/wp-json\/wp\/v2\/users\/1"}],"replies":[{"embeddable":true,"href":"https:\/\/www.elabogadolaboral.com.ar\/blog\/wp-json\/wp\/v2\/comments?post=231"}],"version-history":[{"count":1,"href":"https:\/\/www.elabogadolaboral.com.ar\/blog\/wp-json\/wp\/v2\/posts\/231\/revisions"}],"predecessor-version":[{"id":233,"href":"https:\/\/www.elabogadolaboral.com.ar\/blog\/wp-json\/wp\/v2\/posts\/231\/revisions\/233"}],"wp:featuredmedia":[{"embeddable":true,"href":"https:\/\/www.elabogadolaboral.com.ar\/blog\/wp-json\/wp\/v2\/media\/232"}],"wp:attachment":[{"href":"https:\/\/www.elabogadolaboral.com.ar\/blog\/wp-json\/wp\/v2\/media?parent=231"}],"wp:term":[{"taxonomy":"category","embeddable":true,"href":"https:\/\/www.elabogadolaboral.com.ar\/blog\/wp-json\/wp\/v2\/categories?post=231"},{"taxonomy":"post_tag","embeddable":true,"href":"https:\/\/www.elabogadolaboral.com.ar\/blog\/wp-json\/wp\/v2\/tags?post=231"}],"curies":[{"name":"wp","href":"https:\/\/api.w.org\/{rel}","templated":true}]}}