{"id":234,"date":"2025-09-10T16:52:54","date_gmt":"2025-09-10T16:52:54","guid":{"rendered":"https:\/\/www.elabogadolaboral.com.ar\/blog\/?p=234"},"modified":"2025-09-10T16:52:56","modified_gmt":"2025-09-10T16:52:56","slug":"derecho-laboral-como-defenderse-frente-a-un-conflicto-con-tu-empleador","status":"publish","type":"post","link":"https:\/\/www.elabogadolaboral.com.ar\/blog\/derecho-laboral-como-defenderse-frente-a-un-conflicto-con-tu-empleador\/","title":{"rendered":"Derecho Laboral: C\u00f3mo defenderse frente a un conflicto con tu empleador"},"content":{"rendered":"\n<p><strong>El derecho laboral brinda herramientas legales para que los trabajadores puedan reclamar cuando sus empleadores incumplen con sus obligaciones. En<\/strong><a href=\"https:\/\/elabogadolaboral.com.ar\/\"><strong> <em>Estudio Jur\u00eddico Velozo &amp; Asociados<\/em><\/strong><\/a><strong> acompa\u00f1amos a quienes atraviesan conflictos laborales, buscando siempre soluciones r\u00e1pidas y efectivas.<\/strong><\/p>\n\n\n\n<h2 class=\"wp-block-heading\"><strong>Principales conflictos en Derecho Laboral<\/strong><\/h2>\n\n\n\n<p><strong>Los problemas m\u00e1s habituales que tratamos en nuestro estudio se relacionan con:<\/strong><\/p>\n\n\n\n<ul class=\"wp-block-list\">\n<li><strong>Despidos injustificados, donde el trabajador queda desprotegido y necesita reclamar una indemnizaci\u00f3n justa.<\/strong><strong><br><\/strong><\/li>\n\n\n\n<li><strong>Trabajo en negro o con registraci\u00f3n parcial, que afecta los aportes previsionales y la cobertura de ART.<\/strong><strong><br><\/strong><\/li>\n\n\n\n<li><strong>Accidentes laborales, donde muchas veces la ART no cumple con la cobertura o paga indemnizaciones menores a las que corresponden.<\/strong><strong><br><\/strong><\/li>\n<\/ul>\n\n\n\n<p><strong>Nuestro equipo especializado en derecho laboral se encarga de representar al trabajador en cada una de estas situaciones, asegurando que sus derechos sean respetados.<\/strong><\/p>\n\n\n\n<hr class=\"wp-block-separator has-alpha-channel-opacity\"\/>\n\n\n\n<h2 class=\"wp-block-heading\"><strong>\u00bfPor qu\u00e9 es importante asesorarse en Derecho Laboral?<\/strong><\/h2>\n\n\n\n<p>Un error com\u00fan es intentar resolver el conflicto directamente con el empleador sin contar con asesoramiento legal. Esto puede llevar a acuerdos desfavorables o a la p\u00e9rdida de derechos. Con la asistencia de <a href=\"https:\/\/elabogadolaboral.com.ar\/\"><em>Estudio Jur\u00eddico Velozo &amp; Asociados<\/em><\/a>, cada reclamo se gestiona de manera profesional, garantizando el cobro de indemnizaciones, salarios adeudados y multas.<\/p>\n\n\n\n<hr class=\"wp-block-separator has-alpha-channel-opacity\"\/>\n\n\n\n<h2 class=\"wp-block-heading\"><strong>Preguntas frecuentes sobre Derecho Laboral<\/strong><\/h2>\n\n\n\n<p><strong>\u00bfQu\u00e9 plazo tengo para iniciar un reclamo laboral?<\/strong><strong><br><\/strong> En la mayor\u00eda de los casos, el plazo es de 2 a\u00f1os desde la fecha del despido o del incumplimiento del empleador.<\/p>\n\n\n\n<p><strong>\u00bfQu\u00e9 pasa si acepto un acuerdo y despu\u00e9s me doy cuenta de que era injusto?<\/strong><strong><br><\/strong> Es fundamental consultar con un abogado antes de firmar, porque una vez homologado puede ser dif\u00edcil revertirlo.<\/p>\n\n\n\n<p><strong>\u00bfPuedo iniciar un reclamo laboral si sigo trabajando en la empresa?<\/strong><strong><br><\/strong> S\u00ed, se pueden reclamar diferencias salariales, registraci\u00f3n y aportes, aun estando en relaci\u00f3n laboral activa.<\/p>\n\n\n\n<hr class=\"wp-block-separator has-alpha-channel-opacity\"\/>\n\n\n\n<h2 class=\"wp-block-heading\"><strong>Servicios relacionados con Derecho Laboral<\/strong><\/h2>\n\n\n\n<ul class=\"wp-block-list\">\n<li><strong>Asesoramiento en despidos laborales.<\/strong><strong><br><\/strong><\/li>\n\n\n\n<li><strong>Reclamos por trabajo en negro o mal registrado.<\/strong><strong><br><\/strong><\/li>\n\n\n\n<li><strong>Defensa en accidentes de trabajo y enfermedades profesionales.<\/strong><\/li>\n<\/ul>\n\n\n\n<p class=\"has-large-font-size\"><\/p>\n\n\n\n<p class=\"has-large-font-size\"><\/p>\n","protected":false},"excerpt":{"rendered":"<p>El derecho laboral brinda herramientas legales para que los trabajadores puedan reclamar cuando sus empleadores incumplen con sus obligaciones. En Estudio Jur\u00eddico Velozo &amp; Asociados acompa\u00f1amos a quienes atraviesan conflictos laborales, buscando siempre soluciones r\u00e1pidas y efectivas. Principales conflictos en&#8230;<\/p>\n","protected":false},"author":1,"featured_media":0,"comment_status":"open","ping_status":"open","sticky":false,"template":"","format":"standard","meta":{"footnotes":""},"categories":[1],"tags":[],"class_list":["post-234","post","type-post","status-publish","format-standard","hentry","category-blog","no-post-thumbnail"],"aioseo_notices":[],"_links":{"self":[{"href":"https:\/\/www.elabogadolaboral.com.ar\/blog\/wp-json\/wp\/v2\/posts\/234","targetHints":{"allow":["GET"]}}],"collection":[{"href":"https:\/\/www.elabogadolaboral.com.ar\/blog\/wp-json\/wp\/v2\/posts"}],"about":[{"href":"https:\/\/www.elabogadolaboral.com.ar\/blog\/wp-json\/wp\/v2\/types\/post"}],"author":[{"embeddable":true,"href":"https:\/\/www.elabogadolaboral.com.ar\/blog\/wp-json\/wp\/v2\/users\/1"}],"replies":[{"embeddable":true,"href":"https:\/\/www.elabogadolaboral.com.ar\/blog\/wp-json\/wp\/v2\/comments?post=234"}],"version-history":[{"count":1,"href":"https:\/\/www.elabogadolaboral.com.ar\/blog\/wp-json\/wp\/v2\/posts\/234\/revisions"}],"predecessor-version":[{"id":235,"href":"https:\/\/www.elabogadolaboral.com.ar\/blog\/wp-json\/wp\/v2\/posts\/234\/revisions\/235"}],"wp:attachment":[{"href":"https:\/\/www.elabogadolaboral.com.ar\/blog\/wp-json\/wp\/v2\/media?parent=234"}],"wp:term":[{"taxonomy":"category","embeddable":true,"href":"https:\/\/www.elabogadolaboral.com.ar\/blog\/wp-json\/wp\/v2\/categories?post=234"},{"taxonomy":"post_tag","embeddable":true,"href":"https:\/\/www.elabogadolaboral.com.ar\/blog\/wp-json\/wp\/v2\/tags?post=234"}],"curies":[{"name":"wp","href":"https:\/\/api.w.org\/{rel}","templated":true}]}}