{"id":26,"date":"2017-10-10T00:37:06","date_gmt":"2017-10-10T00:37:06","guid":{"rendered":"http:\/\/www.elabogadolaboral.com.ar\/blog\/?p=26"},"modified":"2017-10-10T00:37:06","modified_gmt":"2017-10-10T00:37:06","slug":"panorama-del-derecho-penal","status":"publish","type":"post","link":"https:\/\/www.elabogadolaboral.com.ar\/blog\/panorama-del-derecho-penal\/","title":{"rendered":"Panorama del derecho penal"},"content":{"rendered":"<p>El Derecho Penal es una rama del Derecho P\u00fablico que estudia las normas penales, las conductas que las transgreden (es decir, el delito), las sanciones aplicables a esas conductas (las penas) y a los delincuentes. Se lo denomina \u201cPenal\u201d a esta rama del Derecho ya que se hace foco en las penas o los castigos aplicables a aquellas personas que tienen comportamientos delictivos.<\/p>\n<p>Los comportamientos delictivos se entienden como aquellas conductas antisociales que est\u00e1n previstas en el c\u00f3digo penal y que encauzan en una pena, la cual puede ser entendida asimismo como un castigo o una correcci\u00f3n, prevista por la Ley. El Estado tiene la potestad punitiva, es decir tiene la facultad de sancionar e imponer penas a quienes haya cometido un acto delictivo.<\/p>\n<p>Se puede hablar de Derecho Penal subjetivo y de Derecho Penal objetivo. El primero es la facultad que tiene Estado de sancionar las leyes y las normas en el C\u00f3digo Penal. El segundo, es el conjunto de leyes y normas, es decir el r\u00e9gimen jur\u00eddico, destinadas a la aplicaci\u00f3n de las mismas.<\/p>\n<p>El Derecho Penal se utiliza como \u00faltima instancia para resolver un conflicto derivado de la actividad humana, ya que es el mecanismo de control m\u00e1s tajante.<br \/>\nEsta rama del Derecho P\u00fablico es tanto de naturaleza represiva como preventiva. El Derecho Penal es represivo porque aplica castigos a toda aquella persona que haya realizado un da\u00f1o a la sociedad, pero tambi\u00e9n es preventivo porque aplica medidas de seguridad para prevenir posibles infracciones en el futuro. Por ejemplo, mediante el castigo del delito se busca prevenir que se vuelva a cometer por otros sujetos o por el mismo delincuente.<\/p>\n<p>En el estudio contamos con profesionales altamente capacitados para asesorarlo y representarlo en casos penales. Realizamos denuncias penales, querellas, calumnias, injurias, defensas penales, juicio oral.<\/p>\n","protected":false},"excerpt":{"rendered":"<p>El Derecho Penal es una rama del Derecho P\u00fablico que estudia las normas penales, las conductas que las transgreden (es decir, el delito), las sanciones aplicables a esas conductas (las penas) y a los delincuentes. Se lo denomina \u201cPenal\u201d a&#8230;<\/p>\n","protected":false},"author":1,"featured_media":27,"comment_status":"open","ping_status":"open","sticky":false,"template":"","format":"standard","meta":{"footnotes":""},"categories":[1,5],"tags":[],"class_list":["post-26","post","type-post","status-publish","format-standard","has-post-thumbnail","hentry","category-blog","category-novedades"],"aioseo_notices":[],"_links":{"self":[{"href":"https:\/\/www.elabogadolaboral.com.ar\/blog\/wp-json\/wp\/v2\/posts\/26","targetHints":{"allow":["GET"]}}],"collection":[{"href":"https:\/\/www.elabogadolaboral.com.ar\/blog\/wp-json\/wp\/v2\/posts"}],"about":[{"href":"https:\/\/www.elabogadolaboral.com.ar\/blog\/wp-json\/wp\/v2\/types\/post"}],"author":[{"embeddable":true,"href":"https:\/\/www.elabogadolaboral.com.ar\/blog\/wp-json\/wp\/v2\/users\/1"}],"replies":[{"embeddable":true,"href":"https:\/\/www.elabogadolaboral.com.ar\/blog\/wp-json\/wp\/v2\/comments?post=26"}],"version-history":[{"count":1,"href":"https:\/\/www.elabogadolaboral.com.ar\/blog\/wp-json\/wp\/v2\/posts\/26\/revisions"}],"predecessor-version":[{"id":28,"href":"https:\/\/www.elabogadolaboral.com.ar\/blog\/wp-json\/wp\/v2\/posts\/26\/revisions\/28"}],"wp:featuredmedia":[{"embeddable":true,"href":"https:\/\/www.elabogadolaboral.com.ar\/blog\/wp-json\/wp\/v2\/media\/27"}],"wp:attachment":[{"href":"https:\/\/www.elabogadolaboral.com.ar\/blog\/wp-json\/wp\/v2\/media?parent=26"}],"wp:term":[{"taxonomy":"category","embeddable":true,"href":"https:\/\/www.elabogadolaboral.com.ar\/blog\/wp-json\/wp\/v2\/categories?post=26"},{"taxonomy":"post_tag","embeddable":true,"href":"https:\/\/www.elabogadolaboral.com.ar\/blog\/wp-json\/wp\/v2\/tags?post=26"}],"curies":[{"name":"wp","href":"https:\/\/api.w.org\/{rel}","templated":true}]}}