{"id":275,"date":"2026-03-04T16:19:09","date_gmt":"2026-03-04T16:19:09","guid":{"rendered":"https:\/\/www.elabogadolaboral.com.ar\/blog\/?p=275"},"modified":"2026-03-04T16:19:11","modified_gmt":"2026-03-04T16:19:11","slug":"%f0%9f%8f%9b%ef%b8%8f-estudio-juridico-integral-una-respuesta-legal-completa-y-estrategica","status":"publish","type":"post","link":"https:\/\/www.elabogadolaboral.com.ar\/blog\/%f0%9f%8f%9b%ef%b8%8f-estudio-juridico-integral-una-respuesta-legal-completa-y-estrategica\/","title":{"rendered":"\ud83c\udfdb\ufe0f Estudio Jur\u00eddico Integral: una respuesta legal completa y estrat\u00e9gica"},"content":{"rendered":"\n<p class=\"has-medium-font-size\">En un contexto legal cada vez m\u00e1s complejo, contar con un <strong>Estudio Jur\u00eddico Integral<\/strong> se ha convertido en una ventaja decisiva tanto para personas como para empresas. Un abordaje integral permite analizar cada situaci\u00f3n desde m\u00faltiples \u00e1reas del derecho, evitando soluciones parciales y anticipando conflictos \u2696\ufe0f.En <a href=\"https:\/\/elabogadolaboral.com.ar\/\"><strong>Estudio Jur\u00eddico | Velozo &amp; Asociados<\/strong><\/a> entendemos que cada caso requiere una mirada global, profesional y estrat\u00e9gica. Por eso, nuestro <strong>Estudio Jur\u00eddico Integral<\/strong> ofrece asesoramiento coordinado en diversas ramas del derecho, brindando seguridad jur\u00eddica y resultados concretos.<\/p>\n\n\n\n<p class=\"has-medium-font-size\"><strong>\u00bfQu\u00e9 es un Estudio Jur\u00eddico Integral?<\/strong><\/p>\n\n\n\n<p>Un <strong>Estudio Jur\u00eddico Integral<\/strong> es aquel que aborda los conflictos legales de manera transversal, considerando todas las \u00e1reas involucradas. No se trata solo de resolver un problema puntual, sino de <strong>proteger los intereses del cliente a corto, mediano y largo plazo<\/strong>.<\/p>\n\n\n\n<p>Este enfoque es especialmente \u00fatil cuando una situaci\u00f3n involucra:<\/p>\n\n\n\n<ul class=\"wp-block-list\">\n<li>Derecho laboral<br><\/li>\n\n\n\n<li>Derecho civil y sucesiones<br><\/li>\n<\/ul>\n\n\n\n<p class=\"has-medium-font-size\">Contratos y responsabilidad legal<\/p>\n\n\n\n<h2 class=\"wp-block-heading\"><strong>Beneficios de elegir un <\/strong><a href=\"https:\/\/elabogadolaboral.com.ar\/estudio-juridico.html\"><strong>estudio jur\u00eddico integral<\/strong><\/a><\/h2>\n\n\n\n<p>\u2714\ufe0f <strong>An\u00e1lisis completo del caso<\/strong><strong><br><\/strong> \u2714\ufe0f <strong>Prevenci\u00f3n de futuros conflictos legales<\/strong><strong><br><\/strong> \u2714\ufe0f <strong>Ahorro de tiempo y costos<\/strong><strong><br><\/strong> \u2714\ufe0f <strong>Acompa\u00f1amiento legal personalizado<\/strong><\/p>\n\n\n\n<p>En <strong>El Abogado Laboral<\/strong>, trabajamos con una visi\u00f3n estrat\u00e9gica que integra experiencia, actualizaci\u00f3n normativa y compromiso profesional \ud83e\udd1d.<\/p>\n\n\n\n<h2 class=\"wp-block-heading\"><strong>Servicios legales relacionados<\/strong><\/h2>\n\n\n\n<p>Dentro de nuestro <strong>Estudio Jur\u00eddico Integral<\/strong>, ofrecemos:<\/p>\n\n\n\n<ul class=\"wp-block-list\">\n<li><strong>Asesoramiento y reclamos laborales<\/strong> (despidos, indemnizaciones, trabajo no registrado)<br><\/li>\n\n\n\n<li><strong>Accidentes de trabajo y ART<\/strong><strong><br><\/strong><\/li>\n<\/ul>\n\n\n\n<p><strong>Sucesiones y planificaci\u00f3n patrimonial<\/strong><strong><\/strong><\/p>\n\n\n\n<h2 class=\"wp-block-heading\"><strong>Preguntas frecuentes sobre estudio jur\u00eddico integral<\/strong><\/h2>\n\n\n\n<p><strong>\u00bfUn Estudio Jur\u00eddico Integral es solo para empresas?<\/strong><strong><br><\/strong> No. Es ideal tanto para particulares como para empresas que buscan soluciones legales completas.<\/p>\n\n\n\n<p><strong>\u00bfQu\u00e9 diferencia a un Estudio Jur\u00eddico Integral de uno tradicional?<\/strong><strong><br><\/strong> La capacidad de analizar un mismo caso desde distintas \u00e1reas del derecho, evitando soluciones aisladas.<\/p>\n\n\n\n<p><strong>\u00bfPuedo consultar por m\u00e1s de un tema legal?<\/strong><strong><br><\/strong> S\u00ed. Ese es justamente el valor de un <strong>Estudio Jur\u00eddico Integral<\/strong>.<\/p>\n\n\n\n<p class=\"has-medium-font-size\"><\/p>\n\n\n\n<p class=\"has-medium-font-size\"><\/p>\n\n\n\n<p class=\"has-medium-font-size\"><\/p>\n\n\n\n<p class=\"has-medium-font-size\"><\/p>\n","protected":false},"excerpt":{"rendered":"<p>En un contexto legal cada vez m\u00e1s complejo, contar con un Estudio Jur\u00eddico Integral se ha convertido en una ventaja decisiva tanto para personas como para empresas. Un abordaje integral permite analizar cada situaci\u00f3n desde m\u00faltiples \u00e1reas del derecho, evitando&#8230;<\/p>\n","protected":false},"author":1,"featured_media":242,"comment_status":"open","ping_status":"open","sticky":false,"template":"","format":"standard","meta":{"footnotes":""},"categories":[1],"tags":[],"class_list":["post-275","post","type-post","status-publish","format-standard","has-post-thumbnail","hentry","category-blog"],"aioseo_notices":[],"_links":{"self":[{"href":"https:\/\/www.elabogadolaboral.com.ar\/blog\/wp-json\/wp\/v2\/posts\/275","targetHints":{"allow":["GET"]}}],"collection":[{"href":"https:\/\/www.elabogadolaboral.com.ar\/blog\/wp-json\/wp\/v2\/posts"}],"about":[{"href":"https:\/\/www.elabogadolaboral.com.ar\/blog\/wp-json\/wp\/v2\/types\/post"}],"author":[{"embeddable":true,"href":"https:\/\/www.elabogadolaboral.com.ar\/blog\/wp-json\/wp\/v2\/users\/1"}],"replies":[{"embeddable":true,"href":"https:\/\/www.elabogadolaboral.com.ar\/blog\/wp-json\/wp\/v2\/comments?post=275"}],"version-history":[{"count":1,"href":"https:\/\/www.elabogadolaboral.com.ar\/blog\/wp-json\/wp\/v2\/posts\/275\/revisions"}],"predecessor-version":[{"id":276,"href":"https:\/\/www.elabogadolaboral.com.ar\/blog\/wp-json\/wp\/v2\/posts\/275\/revisions\/276"}],"wp:featuredmedia":[{"embeddable":true,"href":"https:\/\/www.elabogadolaboral.com.ar\/blog\/wp-json\/wp\/v2\/media\/242"}],"wp:attachment":[{"href":"https:\/\/www.elabogadolaboral.com.ar\/blog\/wp-json\/wp\/v2\/media?parent=275"}],"wp:term":[{"taxonomy":"category","embeddable":true,"href":"https:\/\/www.elabogadolaboral.com.ar\/blog\/wp-json\/wp\/v2\/categories?post=275"},{"taxonomy":"post_tag","embeddable":true,"href":"https:\/\/www.elabogadolaboral.com.ar\/blog\/wp-json\/wp\/v2\/tags?post=275"}],"curies":[{"name":"wp","href":"https:\/\/api.w.org\/{rel}","templated":true}]}}