{"id":38,"date":"2017-10-10T16:58:56","date_gmt":"2017-10-10T16:58:56","guid":{"rendered":"http:\/\/www.elabogadolaboral.com.ar\/blog\/?p=38"},"modified":"2017-10-10T16:58:56","modified_gmt":"2017-10-10T16:58:56","slug":"que-items-componen-la-indemnizacion-por-despido","status":"publish","type":"post","link":"https:\/\/www.elabogadolaboral.com.ar\/blog\/que-items-componen-la-indemnizacion-por-despido\/","title":{"rendered":"Qu\u00e9 \u00edtems componen la indemnizaci\u00f3n por despido"},"content":{"rendered":"<p>La Ley de Contrato de Trabajo, N\u00ba 20.744, en nuestro pa\u00eds prev\u00e9 el bienestar en las relaciones laborales entre empleadores y empleados. Para esto delimita varias cuestiones que surgen de estas relaciones que son tan variadas y a veces conflictivas.<br \/>\nEl despido laboral es un asunto que se encuentra circunscrito en la Ley y se trata del cese de la relaci\u00f3n o el contrato laboral entre dos partes. La extinci\u00f3n de dicha relaci\u00f3n debe realizarse de manera formal y correcta, la cual incluye comunic\u00e1rselo al empleado, junto con la fecha a partir de la cual ser\u00e1 efectivo el despido y los fundamentos del mismo. Tambi\u00e9n es necesario cerciorarse de que haya recibido el mensaje, de manera personal o por testigos.<br \/>\nUn empleado que fue despedido tiene derecho a una indemnizaci\u00f3n por parte de su empleador. Esta indemnizaci\u00f3n se calcula a partir de una serie de \u00edtems que se deben tener en cuenta y que est\u00e1n definidos por la Ley.<br \/>\nSi el despido es \u201csin causa\u201d uno de esos \u00edtems es la indemnizaci\u00f3n por antig\u00fcedad, gracias a la cual el empleador le deber\u00e1 pagar a su empleado un mes del mejor salario mensual, habitual y normal por cada a\u00f1o trabajado o per\u00edodo mayor a 3 meses.<br \/>\nPor otro lado, la indemnizaci\u00f3n sustitutiva de preaviso tambi\u00e9n depender\u00e1 de la antig\u00fcedad. El empleador le debe conceder al trabajador un plazo de 15 d\u00edas de preaviso si este tiene 3 meses de iniciado el contrato, si tiene entre 3 meses y 5 a\u00f1os el per\u00edodo ser\u00e1 un mes y si tiene m\u00e1s de 5 a\u00f1os dos meses.<br \/>\nEn el caso de la integraci\u00f3n de los d\u00edas del mes de despido depende del preaviso. Es decir, si el empleador no est\u00e1 en la obligaci\u00f3n de hacer un preaviso, como por ejemplo en un caso de despido con justa causa o de extinci\u00f3n por quiebra de la empresa, entonces el empleado s\u00f3lo tiene derecho a cobrar los d\u00edas que ha trabajado en el mes, y no los restantes. En el caso de despido \u201csin causa\u201d se calculan todos los d\u00edas del mes que ha trabajado el empleado m\u00e1s los que no ha podido trabajar debido al despido.Por otro lado, las vacaciones proporcionales var\u00edan seg\u00fan la antig\u00fcedad del trabajador.<br \/>\nOtro \u00edtem es el sueldo anual complementario (SAC), el cual se calcula dividiendo el monto salarial por los 12 meses del a\u00f1o, y luego ese resultado se lo multiplica por la cantidad de meses trabajados en el a\u00f1o en curso. Tambi\u00e9n se calcula el SAC sobre la integraci\u00f3n del mes de despido y el SAC sobre el preaviso, tomando el monto resultante de cada uno y dividi\u00e9ndolo por los 12 meses.<br \/>\nAsimismo, cabe aclarar que si el empleador no entrega los certificados de trabajo la multa ser\u00e1 equivalente a tres meses de sueldo.<\/p>\n","protected":false},"excerpt":{"rendered":"<p>La Ley de Contrato de Trabajo, N\u00ba 20.744, en nuestro pa\u00eds prev\u00e9 el bienestar en las relaciones laborales entre empleadores y empleados. Para esto delimita varias cuestiones que surgen de estas relaciones que son tan variadas y a veces conflictivas&#8230;.<\/p>\n","protected":false},"author":1,"featured_media":24,"comment_status":"open","ping_status":"open","sticky":false,"template":"","format":"standard","meta":{"footnotes":""},"categories":[3],"tags":[],"class_list":["post-38","post","type-post","status-publish","format-standard","has-post-thumbnail","hentry","category-laboral"],"aioseo_notices":[],"_links":{"self":[{"href":"https:\/\/www.elabogadolaboral.com.ar\/blog\/wp-json\/wp\/v2\/posts\/38","targetHints":{"allow":["GET"]}}],"collection":[{"href":"https:\/\/www.elabogadolaboral.com.ar\/blog\/wp-json\/wp\/v2\/posts"}],"about":[{"href":"https:\/\/www.elabogadolaboral.com.ar\/blog\/wp-json\/wp\/v2\/types\/post"}],"author":[{"embeddable":true,"href":"https:\/\/www.elabogadolaboral.com.ar\/blog\/wp-json\/wp\/v2\/users\/1"}],"replies":[{"embeddable":true,"href":"https:\/\/www.elabogadolaboral.com.ar\/blog\/wp-json\/wp\/v2\/comments?post=38"}],"version-history":[{"count":1,"href":"https:\/\/www.elabogadolaboral.com.ar\/blog\/wp-json\/wp\/v2\/posts\/38\/revisions"}],"predecessor-version":[{"id":39,"href":"https:\/\/www.elabogadolaboral.com.ar\/blog\/wp-json\/wp\/v2\/posts\/38\/revisions\/39"}],"wp:featuredmedia":[{"embeddable":true,"href":"https:\/\/www.elabogadolaboral.com.ar\/blog\/wp-json\/wp\/v2\/media\/24"}],"wp:attachment":[{"href":"https:\/\/www.elabogadolaboral.com.ar\/blog\/wp-json\/wp\/v2\/media?parent=38"}],"wp:term":[{"taxonomy":"category","embeddable":true,"href":"https:\/\/www.elabogadolaboral.com.ar\/blog\/wp-json\/wp\/v2\/categories?post=38"},{"taxonomy":"post_tag","embeddable":true,"href":"https:\/\/www.elabogadolaboral.com.ar\/blog\/wp-json\/wp\/v2\/tags?post=38"}],"curies":[{"name":"wp","href":"https:\/\/api.w.org\/{rel}","templated":true}]}}