{"id":45,"date":"2017-11-09T00:57:32","date_gmt":"2017-11-09T00:57:32","guid":{"rendered":"http:\/\/www.elabogadolaboral.com.ar\/blog\/?p=45"},"modified":"2017-11-02T00:58:02","modified_gmt":"2017-11-02T00:58:02","slug":"que-hacer-ante-un-reclamo-o-demanda-laboral-si-soy-empleador","status":"publish","type":"post","link":"https:\/\/www.elabogadolaboral.com.ar\/blog\/que-hacer-ante-un-reclamo-o-demanda-laboral-si-soy-empleador\/","title":{"rendered":"\u00bfQu\u00e9 hacer ante un reclamo o demanda laboral si soy empleador?"},"content":{"rendered":"<p>Las demandas laborales son procesos delicados y complejos. Se basan en sucesos que ocurren dentro del marco temporal y espacial del trabajo y competen al empleador y al empleado. El trabajador puede iniciar un reclamo laboral a su empleador por incumplimientos de lo pautado en el contrato laboral, el cual puede referirse a despidos injustificados, falta de pago de salarios, falta de tareas, discriminaci\u00f3n, acoso, entre otras cuestiones.<br \/>\nLo cierto es que s\u00f3lo un 10% de los juicios laborales son ganados por el empleador. Entonces, si bien lo m\u00e1s importante tanto a nivel profesional como \u00e9tico es mantener un ambiente laboral sano y cumplir con todo lo pautado en el contrato con los empleados, tambi\u00e9n es fundamental saber qu\u00e9 debo hacer como empleador a la hora de recibir una demanda laboral.<br \/>\nLo primero que debo tener en cuenta es leer bien la demanda al momento de recibirla. Si est\u00e1 dirigida al nombre del empleador o de la empresa se debe aceptar, si esto no es as\u00ed entonces se debe rechazar. Una vez aceptada, se la debe pasar inmediatamente a su abogado, ya que \u00e9l debe realizar la respuesta dentro de los dos d\u00edas de recibida. Si no se cumple con dicho plazo se genera una presunci\u00f3n en contra del empleador, es decir, se considera que reconoce sus actos por los cuales fue demandado. Este segundo paso dentro de una demanda laboral es muy importante ya que sellar\u00e1 el destino de la demanda a futuro.<br \/>\nLa siguiente etapa ser\u00eda planear una estrategia judicial junto al abogado empresarial, esto incluye recolectar pruebas y testigos que puedan dar fe del accionar del empleador y del empleado.<br \/>\nEn Capital Federal se debe pasar por una etapa previa obligatoria de conciliaci\u00f3n laboral, pero no es as\u00ed en el resto del pa\u00eds. La etapa de conciliaci\u00f3n est\u00e1 armada para que las partes lleguen a un acuerdo sin necesidad de recurrir a un proceso judicial, pero si esto no ocurre ya tienen v\u00eda libre para iniciar la demanda.<br \/>\nPara finalizar, cabe aclarar que una demanda laboral se gana antes de que ocurra. Esto quiere decir que es muy importante para cualquier empleador o empresa estar asesorado por un estudio jur\u00eddico especialista en lo laboral que se asegure de que se cumplan todos los pasos legales dentro de la empresa. De esta manera si llegara a ocurrir una demanda laboral, el empleador ya contar\u00eda con toda la documentaci\u00f3n necesaria de su accionar para hacerle frente al reclamo.<\/p>\n<p>&nbsp;<\/p>\n<p>&nbsp;<\/p>\n<p>&nbsp;<\/p>\n","protected":false},"excerpt":{"rendered":"<p>Las demandas laborales son procesos delicados y complejos. Se basan en sucesos que ocurren dentro del marco temporal y espacial del trabajo y competen al empleador y al empleado. El trabajador puede iniciar un reclamo laboral a su empleador por&#8230;<\/p>\n","protected":false},"author":1,"featured_media":24,"comment_status":"open","ping_status":"open","sticky":false,"template":"","format":"standard","meta":{"footnotes":""},"categories":[1,3],"tags":[],"class_list":["post-45","post","type-post","status-publish","format-standard","has-post-thumbnail","hentry","category-blog","category-laboral"],"aioseo_notices":[],"_links":{"self":[{"href":"https:\/\/www.elabogadolaboral.com.ar\/blog\/wp-json\/wp\/v2\/posts\/45","targetHints":{"allow":["GET"]}}],"collection":[{"href":"https:\/\/www.elabogadolaboral.com.ar\/blog\/wp-json\/wp\/v2\/posts"}],"about":[{"href":"https:\/\/www.elabogadolaboral.com.ar\/blog\/wp-json\/wp\/v2\/types\/post"}],"author":[{"embeddable":true,"href":"https:\/\/www.elabogadolaboral.com.ar\/blog\/wp-json\/wp\/v2\/users\/1"}],"replies":[{"embeddable":true,"href":"https:\/\/www.elabogadolaboral.com.ar\/blog\/wp-json\/wp\/v2\/comments?post=45"}],"version-history":[{"count":1,"href":"https:\/\/www.elabogadolaboral.com.ar\/blog\/wp-json\/wp\/v2\/posts\/45\/revisions"}],"predecessor-version":[{"id":46,"href":"https:\/\/www.elabogadolaboral.com.ar\/blog\/wp-json\/wp\/v2\/posts\/45\/revisions\/46"}],"wp:featuredmedia":[{"embeddable":true,"href":"https:\/\/www.elabogadolaboral.com.ar\/blog\/wp-json\/wp\/v2\/media\/24"}],"wp:attachment":[{"href":"https:\/\/www.elabogadolaboral.com.ar\/blog\/wp-json\/wp\/v2\/media?parent=45"}],"wp:term":[{"taxonomy":"category","embeddable":true,"href":"https:\/\/www.elabogadolaboral.com.ar\/blog\/wp-json\/wp\/v2\/categories?post=45"},{"taxonomy":"post_tag","embeddable":true,"href":"https:\/\/www.elabogadolaboral.com.ar\/blog\/wp-json\/wp\/v2\/tags?post=45"}],"curies":[{"name":"wp","href":"https:\/\/api.w.org\/{rel}","templated":true}]}}