{"id":77,"date":"2018-03-06T14:39:07","date_gmt":"2018-03-06T14:39:07","guid":{"rendered":"http:\/\/www.elabogadolaboral.com.ar\/blog\/?p=77"},"modified":"2018-03-06T14:41:12","modified_gmt":"2018-03-06T14:41:12","slug":"los-accidentes-de-transito-del-verano","status":"publish","type":"post","link":"https:\/\/www.elabogadolaboral.com.ar\/blog\/los-accidentes-de-transito-del-verano\/","title":{"rendered":"Los accidentes de tr\u00e1nsito del verano"},"content":{"rendered":"<p>Ya estamos finalizando el verano de la temporada 2018 y, por lo tanto, estamos en condiciones de analizar algunas cuestiones como la de los accidentes viales. Durante el verano se ven incrementados los accidentes de este tipo porque es la \u00e9poca de las vacaciones en la cual la gente generalmente realiza viajes a la costa atl\u00e1ntica o hacia otros destinos.<\/p>\n<p>Sin embargo, en esta ocasi\u00f3n podemos decir que los accidentes han disminuido en relaci\u00f3n a los ocurridos durante los mismos meses del 2017. Seg\u00fan informes que dio a conocer CECAITRA, la cual es una asociaci\u00f3n civil que nuclea a las empresas encargadas de los cinem\u00f3metros en las rutas 2 y 11, hubo menos siniestros viales y menos v\u00edctimas que el a\u00f1o pasado.<\/p>\n<p>Durante el mes de enero llegaron a ser 3 los fallecidos por choques en total, sumando ambas rutas. En contraste, durante el primer mes del a\u00f1o pasado hubo ocho muertos solamente en la ruta 11. Por el lado de la ruta 2 en ese mismo per\u00edodo, no se registraron fallecimientos por siniestros, pero s\u00ed hubo m\u00e1s de 20 choques.<\/p>\n<p>Asimismo, desde la organizaci\u00f3n anunciaron que tambi\u00e9n se vieron disminuidas las infracciones de tr\u00e1nsito que registran los famosos radares con sus c\u00e1maras, ubicados en cuarenta puntos estrat\u00e9gicos a lo largo de todas las rutas.<\/p>\n<p>Si bien estas cifras son alentadoras, se puede observar que no ocurre lo mismo en otros puntos del pa\u00eds. Por ejemplo, en la zona del partido de La Plata, capital de la provincia de Buenos Aires, en lo que va del a\u00f1o ya son 18 las v\u00edctimas fatales que dejaron los siniestros viales. Del mismo modo, en la provincia de\u00a0Misiones son 23 las personas fallecidas por choques tan s\u00f3lo en el mes de febrero.<\/p>\n<p>Estos son s\u00f3lo otros ejemplos para mover el foco de atenci\u00f3n de las rutas hacia la cota atl\u00e1ntica que, si bien son muy transitadas durante el per\u00edodo estival, existen muchas otras rutas y destinos hacia los cuales los argentinos se movilizan para vacacionar. Podr\u00edamos decir que a\u00fan queda un largo camino de educaci\u00f3n y legislaci\u00f3n para disminuir los accidentes de tr\u00e1nsito en nuestro pa\u00eds. Es imperioso conocer y respetar las normas de tr\u00e1nsito y, en el caso de que ocurriera alg\u00fan siniestro, <a href=\"http:\/\/elabogadolaboral.com.ar\">estar asesorados<\/a>.<\/p>\n","protected":false},"excerpt":{"rendered":"<p>Ya estamos finalizando el verano de la temporada 2018 y, por lo tanto, estamos en condiciones de analizar algunas cuestiones como la de los accidentes viales. Durante el verano se ven incrementados los accidentes de este tipo porque es la&#8230;<\/p>\n","protected":false},"author":1,"featured_media":78,"comment_status":"open","ping_status":"open","sticky":false,"template":"","format":"standard","meta":{"footnotes":""},"categories":[1],"tags":[],"class_list":["post-77","post","type-post","status-publish","format-standard","has-post-thumbnail","hentry","category-blog"],"aioseo_notices":[],"_links":{"self":[{"href":"https:\/\/www.elabogadolaboral.com.ar\/blog\/wp-json\/wp\/v2\/posts\/77","targetHints":{"allow":["GET"]}}],"collection":[{"href":"https:\/\/www.elabogadolaboral.com.ar\/blog\/wp-json\/wp\/v2\/posts"}],"about":[{"href":"https:\/\/www.elabogadolaboral.com.ar\/blog\/wp-json\/wp\/v2\/types\/post"}],"author":[{"embeddable":true,"href":"https:\/\/www.elabogadolaboral.com.ar\/blog\/wp-json\/wp\/v2\/users\/1"}],"replies":[{"embeddable":true,"href":"https:\/\/www.elabogadolaboral.com.ar\/blog\/wp-json\/wp\/v2\/comments?post=77"}],"version-history":[{"count":2,"href":"https:\/\/www.elabogadolaboral.com.ar\/blog\/wp-json\/wp\/v2\/posts\/77\/revisions"}],"predecessor-version":[{"id":81,"href":"https:\/\/www.elabogadolaboral.com.ar\/blog\/wp-json\/wp\/v2\/posts\/77\/revisions\/81"}],"wp:featuredmedia":[{"embeddable":true,"href":"https:\/\/www.elabogadolaboral.com.ar\/blog\/wp-json\/wp\/v2\/media\/78"}],"wp:attachment":[{"href":"https:\/\/www.elabogadolaboral.com.ar\/blog\/wp-json\/wp\/v2\/media?parent=77"}],"wp:term":[{"taxonomy":"category","embeddable":true,"href":"https:\/\/www.elabogadolaboral.com.ar\/blog\/wp-json\/wp\/v2\/categories?post=77"},{"taxonomy":"post_tag","embeddable":true,"href":"https:\/\/www.elabogadolaboral.com.ar\/blog\/wp-json\/wp\/v2\/tags?post=77"}],"curies":[{"name":"wp","href":"https:\/\/api.w.org\/{rel}","templated":true}]}}